{"id":1208,"date":"2021-10-11T09:34:00","date_gmt":"2021-10-11T10:34:00","guid":{"rendered":"https:\/\/www.fagotten.org\/?p=1208"},"modified":"2021-10-11T09:34:00","modified_gmt":"2021-10-11T10:34:00","slug":"slutdatum-satt-for-pakoppling-av-varmen","status":"publish","type":"post","link":"https:\/\/www.fagotten.org\/?p=1208","title":{"rendered":"SLUTDATUM satt f\u00f6r p\u00e5koppling av v\u00e4rmen"},"content":{"rendered":"<p><strong>Vi har \u00e4ntligen ett slutdatum f\u00f6r inkoppling av v\u00e4rmen<\/strong><\/p>\n<p>F\u00f6reningen har jobbat intensivt tillsammans med Svanholms, underleverant\u00f6rerna och v\u00e5r projektledare f\u00f6r att f\u00e5 fram ett slutdatum f\u00f6r n\u00e4r entrepren\u00f6ren slutgiltigt kan garantera att alla huskroppar och l\u00e4genheter p\u00e5 hela omr\u00e5det kommer vara inkopplade. Och vi har nu mottagit ett s\u00e5dant datum fr\u00e5n Svanholms.<\/p>\n<p><strong>Slutdatum:<\/strong>\u00a0<strong>2021-10-22<\/strong><\/p>\n<p>Svanholms arbetar med inkoppling av huskroppar ett efter ett i en logisk f\u00f6ljd som utg\u00e5r fr\u00e5n hus nr 6 d\u00e4r cirkulationspumpar och v\u00e4rmesystem finns. Deras personal har sedan en tid tillbaka arbetat h\u00e5rt med \u00e5terkoppling av v\u00e5r v\u00e4rme vardagar, kv\u00e4llar och helger.<\/p>\n<p>Svanholms b\u00f6rjade med att koppla in hus nr 6 och d\u00e4refter alla hus med j\u00e4mna nummer d\u00e4r dom sista husen att kopplas in p\u00e5 Fl\u00f6jtv\u00e4gen blir hus 18, 20, 22 och 24. Man har \u00e4ven p\u00e5b\u00f6rjat arbete i hus med oj\u00e4mna nummer p\u00e5 Fagottgr\u00e4nden med start i hus 5 varifr\u00e5n man arbetar sig vidare hus f\u00f6r hus. Arbetet med v\u00e4rmesystemet slutf\u00f6rs i och med inkoppling av hus 17, 19, 21 och 23. <em>(L\u00e4s g\u00e4rna v\u00e5r v\u00e4djan nedan.)<\/em><\/p>\n<p>Styrelsen beklagar djup att situationen uppst\u00e5tt och vill bedyra att vi verkligen k\u00e4nner med alla v\u00e5ra \u00e4ldre, barnfamiljer och alla andra som lider av kylan. Vi \u00f6nskar att projektet avl\u00f6pt smidigare \u00e4n det har gjort men samtidigt vill vi ocks\u00e5 vara tydliga med att alla involverade parter i projektet jobbat stenh\u00e5rt med problemet och fullt ut prioriterat inkopplingen av v\u00e4rmen \u00e4nda sen dess att vi fick reda p\u00e5 att det skulle bli f\u00f6rseningar.<\/p>\n<p><em>Med v\u00e4nlig h\u00e4lsning,<\/em><\/p>\n<p><em>Styrelsen genom Mats H\u00e4gerfors, Ordf\u00f6rande BRF Fagotten<\/em><\/p>\n<p>&nbsp;<\/p>\n<p><strong><em>En v\u00e4djan till all<\/em><em>a medlemmar fr\u00e5n styrelsen<\/em><\/strong><\/p>\n<p><em>M\u00e5nga medlemmar har sen tidigare inf\u00f6rskaffat el-element och dylikt som man efterhand som v\u00e4rmen kopplas in kanske inte l\u00e4ngre har ett behov av. H\u00e4r vill styrelsen uppmana alla som har ett till \u00f6vers att f\u00f6rh\u00f6ra sig om n\u00e5gon p\u00e5 Fagottgr\u00e4nden vill l\u00e5na ett tills v\u00e4rmen \u00e4r tillbaka. Vi har en hel del personer p\u00e5 omr\u00e5det som av olika anledningar har det sv\u00e5rt att p\u00e5 egen hand komma iv\u00e4g och k\u00f6pa el-element. Och att det f\u00f6r dom i den situationen s\u00e4kert skulle underl\u00e4tta enormt att f\u00e5 l\u00e5na ett av n\u00e5gon v\u00e4nligt sinnad granne. S\u00e5 st\u00e4m g\u00e4rna av med era grannar som ni vet eller tror kan ha dessa sv\u00e5righeter och hj\u00e4lp dom komma i kontakt med dom som eventuellt har ett element att l\u00e5na ut. Vi har f\u00f6rst\u00e5tt att en del medlemmar redan har erbjudit sig att l\u00e5na ut sina element via den Facebook-grupp som finns p\u00e5 omr\u00e5det. Kanske en kanal som kan nyttjas vidare i detta syfte?<\/em><\/p>\n<p><em>Stort tack till alla er som h\u00f6rsammar v\u00e5r v\u00e4djan!<\/em><\/p>\n<p>&nbsp;<\/p>\n<p>&nbsp;<\/p>\n<p>&nbsp;<\/p>\n","protected":false},"excerpt":{"rendered":"<p>Vi har \u00e4ntligen ett slutdatum f\u00f6r inkoppling av v\u00e4rmen F\u00f6reningen har jobbat intensivt tillsammans med Svanholms, underleverant\u00f6rerna och v\u00e5r projektledare f\u00f6r att f\u00e5 fram ett slutdatum f\u00f6r n\u00e4r entrepren\u00f6ren slutgiltigt kan garantera att alla huskroppar och l\u00e4genheter p\u00e5 hela omr\u00e5det kommer vara inkopplade. Och vi har nu mottagit ett s\u00e5dant datum fr\u00e5n Svanholms. Slutdatum:\u00a02021-10-22 Svanholms &hellip; <a href=\"https:\/\/www.fagotten.org\/?p=1208\" class=\"more-link\">Continue reading <span class=\"screen-reader-text\">SLUTDATUM satt f\u00f6r p\u00e5koppling av v\u00e4rmen<\/span> <span class=\"meta-nav\">&rarr;<\/span><\/a><\/p>\n","protected":false},"author":9,"featured_media":0,"comment_status":"open","ping_status":"open","sticky":false,"template":"","format":"standard","meta":[],"categories":[1],"tags":[],"_links":{"self":[{"href":"https:\/\/www.fagotten.org\/index.php?rest_route=\/wp\/v2\/posts\/1208"}],"collection":[{"href":"https:\/\/www.fagotten.org\/index.php?rest_route=\/wp\/v2\/posts"}],"about":[{"href":"https:\/\/www.fagotten.org\/index.php?rest_route=\/wp\/v2\/types\/post"}],"author":[{"embeddable":true,"href":"https:\/\/www.fagotten.org\/index.php?rest_route=\/wp\/v2\/users\/9"}],"replies":[{"embeddable":true,"href":"https:\/\/www.fagotten.org\/index.php?rest_route=%2Fwp%2Fv2%2Fcomments&post=1208"}],"version-history":[{"count":13,"href":"https:\/\/www.fagotten.org\/index.php?rest_route=\/wp\/v2\/posts\/1208\/revisions"}],"predecessor-version":[{"id":1221,"href":"https:\/\/www.fagotten.org\/index.php?rest_route=\/wp\/v2\/posts\/1208\/revisions\/1221"}],"wp:attachment":[{"href":"https:\/\/www.fagotten.org\/index.php?rest_route=%2Fwp%2Fv2%2Fmedia&parent=1208"}],"wp:term":[{"taxonomy":"category","embeddable":true,"href":"https:\/\/www.fagotten.org\/index.php?rest_route=%2Fwp%2Fv2%2Fcategories&post=1208"},{"taxonomy":"post_tag","embeddable":true,"href":"https:\/\/www.fagotten.org\/index.php?rest_route=%2Fwp%2Fv2%2Ftags&post=1208"}],"curies":[{"name":"wp","href":"https:\/\/api.w.org\/{rel}","templated":true}]}}