{"id":1229,"date":"2021-11-30T13:33:05","date_gmt":"2021-11-30T14:33:05","guid":{"rendered":"https:\/\/www.fagotten.org\/?p=1229"},"modified":"2021-11-30T13:33:05","modified_gmt":"2021-11-30T14:33:05","slug":"elpris-och-elavtal-i-brf-fagotten","status":"publish","type":"post","link":"https:\/\/www.fagotten.org\/?p=1229","title":{"rendered":"Elpris och elavtal i BRF Fagotten"},"content":{"rendered":"<p>Det har inkommit en del fr\u00e5gor till styrelsen kring vilket elpris vi alla betalar f\u00f6r v\u00e5r elf\u00f6rbrukning.<\/p>\n<p>Enligt uppgifter fr\u00e5n HSB \u00e4r uppl\u00e4gget s\u00e5dant att HSB samlar ett stort antal bostadsr\u00e4ttsf\u00f6reningar och f\u00f6rhandlar fram ett s\u00e5 l\u00e5gt pris som m\u00f6jligt som sen blir gemensamt f\u00f6r alla deltagande f\u00f6reningar det kommande \u00e5ret. BRF Fagotten har sen tidigare \u00e5r l\u00e4mnat fullmakt till HSB att f\u00f6rhandla priser \u00e5t f\u00f6reningen inom ramen f\u00f6r det uppl\u00e4gget. V\u00e5r fullmakt g\u00e4ller fram till och med 2023-12-31. Avtalet g\u00e5r d\u00e4refter att f\u00f6rl\u00e4nga \u00e5rsvis om vi s\u00e5 skulle \u00f6nska.<\/p>\n<p>I enlighet med avtalet f\u00f6rhandlar HSB fram priserna \u00e5rsvis vilket bland annat inneb\u00e4r att vi idag inte vad priset i avtalet f\u00f6r 2023 kommer bli.<\/p>\n<p>Trots att v\u00e5rt nya fasta pris nedan \u00e4r v\u00e4ldigt h\u00f6gt j\u00e4mf\u00f6rt med tidigare \u00e5r s\u00e5 hade det med st\u00f6rsta s\u00e4kerhet vara avsev\u00e4rt mycket h\u00f6gre om vi till exempel f\u00f6rhandlat p\u00e5 egen hand direkt med en leverant\u00f6r.<\/p>\n<p>Via avtalet med HSB har vi Vattenfall som leverant\u00f6r.<\/p>\n<ul>\n<li>Fastpris f\u00f6r <strong>2021 \u00e4r 35,00 \u00f6re\/kWh<\/strong>*<\/li>\n<li>Fastpris f\u00f6r <strong>2022 \u00e4r 72,30 \u00f6re\/kWh<\/strong>*<\/li>\n<\/ul>\n<p><em>(*Vanliga avgifter o.d. kopplade till el tillkommer precis som idag och i enlighet med f\u00f6reningens gemensam-el uppl\u00e4gg.)<\/em><\/p>\n<p>Det \u00e4r ett f\u00f6r m\u00e5nga v\u00e4lk\u00e4nt faktum att el-priserna har dragit iv\u00e4g rej\u00e4lt under h\u00f6sten. Och s\u00e4rskilt s\u00e5 i el-zon 4 som vi i Sk\u00e5ne\u00a0tillh\u00f6r.\u00a0El-priserna just nu under h\u00f6gf\u00f6rbrukningstider s\u00e5som vardagskv\u00e4llar kl 18-19 kan vara s\u00e5 mycket som 5-6 kr\/kWh och ibland \u00e4nnu h\u00f6gre.<\/p>\n<p>Den samlade bed\u00f6mningen \u00e4r att vi i detta avtal har ett f\u00f6rdelaktigt och tryggt pris samt att det \u00e4r troligt att priserna kommer forts\u00e4tta att \u00f6ka om \u00e4n kanske inte i s\u00e5 h\u00f6g takt som varit fallet under h\u00f6sten. Med det sagt s\u00e5 \u00e4r det v\u00e4ldigt sv\u00e5rt att just nu, med n\u00e5gon form av s\u00e4kerhet, sia om framtiden f\u00f6r el-priserna de kommande \u00e5ren.<\/p>\n<p>Utifr\u00e5n ovanst\u00e5ende kommer styrelsen under 2022 ta det s\u00e4kra f\u00f6re det os\u00e4kra och fortsatt vara en del av HSB uppl\u00e4gget. Men vi kommer f\u00f6rst\u00e5s att noga f\u00f6lja utvecklingen inf\u00f6r 2023.<\/p>\n<p><em>Med v\u00e4nlig h\u00e4lsning,<\/em><\/p>\n<p><em>Styrelsen genom Mats H\u00e4gerfors, Ordf\u00f6rande BRF Fagotten<\/em><\/p>\n","protected":false},"excerpt":{"rendered":"<p>Det har inkommit en del fr\u00e5gor till styrelsen kring vilket elpris vi alla betalar f\u00f6r v\u00e5r elf\u00f6rbrukning. Enligt uppgifter fr\u00e5n HSB \u00e4r uppl\u00e4gget s\u00e5dant att HSB samlar ett stort antal bostadsr\u00e4ttsf\u00f6reningar och f\u00f6rhandlar fram ett s\u00e5 l\u00e5gt pris som m\u00f6jligt som sen blir gemensamt f\u00f6r alla deltagande f\u00f6reningar det kommande \u00e5ret. BRF Fagotten har sen &hellip; <a href=\"https:\/\/www.fagotten.org\/?p=1229\" class=\"more-link\">Continue reading <span class=\"screen-reader-text\">Elpris och elavtal i BRF Fagotten<\/span> <span class=\"meta-nav\">&rarr;<\/span><\/a><\/p>\n","protected":false},"author":9,"featured_media":0,"comment_status":"open","ping_status":"open","sticky":false,"template":"","format":"standard","meta":[],"categories":[1],"tags":[],"_links":{"self":[{"href":"https:\/\/www.fagotten.org\/index.php?rest_route=\/wp\/v2\/posts\/1229"}],"collection":[{"href":"https:\/\/www.fagotten.org\/index.php?rest_route=\/wp\/v2\/posts"}],"about":[{"href":"https:\/\/www.fagotten.org\/index.php?rest_route=\/wp\/v2\/types\/post"}],"author":[{"embeddable":true,"href":"https:\/\/www.fagotten.org\/index.php?rest_route=\/wp\/v2\/users\/9"}],"replies":[{"embeddable":true,"href":"https:\/\/www.fagotten.org\/index.php?rest_route=%2Fwp%2Fv2%2Fcomments&post=1229"}],"version-history":[{"count":12,"href":"https:\/\/www.fagotten.org\/index.php?rest_route=\/wp\/v2\/posts\/1229\/revisions"}],"predecessor-version":[{"id":1241,"href":"https:\/\/www.fagotten.org\/index.php?rest_route=\/wp\/v2\/posts\/1229\/revisions\/1241"}],"wp:attachment":[{"href":"https:\/\/www.fagotten.org\/index.php?rest_route=%2Fwp%2Fv2%2Fmedia&parent=1229"}],"wp:term":[{"taxonomy":"category","embeddable":true,"href":"https:\/\/www.fagotten.org\/index.php?rest_route=%2Fwp%2Fv2%2Fcategories&post=1229"},{"taxonomy":"post_tag","embeddable":true,"href":"https:\/\/www.fagotten.org\/index.php?rest_route=%2Fwp%2Fv2%2Ftags&post=1229"}],"curies":[{"name":"wp","href":"https:\/\/api.w.org\/{rel}","templated":true}]}}