{"id":1254,"date":"2022-02-10T04:05:53","date_gmt":"2022-02-10T05:05:53","guid":{"rendered":"https:\/\/www.fagotten.org\/?p=1254"},"modified":"2022-02-10T04:16:59","modified_gmt":"2022-02-10T05:16:59","slug":"uppdatering-efter-fyllnadsval-4e-februari-och-ny-styrelse","status":"publish","type":"post","link":"https:\/\/www.fagotten.org\/?p=1254","title":{"rendered":"Uppdatering efter Fyllnadsval 4:e Februari och ny Styrelse"},"content":{"rendered":"<p>Brf Fagotten h\u00f6ll extra f\u00f6reningsst\u00e4mma den 4:e Februari i syfte att genomf\u00f6ra fyllnadsval, d\u00e5 tre personer av olika anledningar valt att avg\u00e5 ur styrelsen under h\u00f6sten 2021.<\/p>\n<p>F\u00f6reningen vill tacka avg\u00e5ende styrelsemedlemmar och samtidigt v\u00e4lkomna in 3 nya medlemmar in i styrelsen.<\/p>\n<p>F\u00f6reningen tackar f\u00f6r god uppslutning i samband med denna extra f\u00f6reningsst\u00e4mma som pga \u00e4ndrade regler f\u00f6r r\u00f6stningsf\u00f6rfarande p\u00e5 distans var tvunget att h\u00e5llas p\u00e5 plats i HSB Sk\u00e5nes lokaler.<\/p>\n<p>\u00d6ver 25 medlemmar p\u00e5 plats trots dessa speciella tider samt den v\u00e4ldigt korta dagordningen tyder p\u00e5 gott intresse\u00a0 f\u00f6r styrelsearbetet samt ledningen av f\u00f6reningen.<\/p>\n<p>Direkt efter extra st\u00e4mman h\u00f6lls ett\u00a0konstituerande m\u00f6te d\u00e4r den nya styrelsesammans\u00e4ttningen blev f\u00f6ljande (info kommer i trapphus s\u00e5 fort som m\u00f6jligt):<\/p>\n<div dir=\"ltr\">1. Ordf\u00f6rande: Rolf Persson<\/div>\n<div dir=\"ltr\">2. Vice Ordf\u00f6rande: Albert Buzassy<\/div>\n<div dir=\"ltr\">3. Sekreterare:\u00a0\u00a0Lars Wads\u00f6<\/div>\n<div dir=\"ltr\">4. Vice Sekreterare: Jonas Bostr\u00f6m<\/div>\n<div dir=\"ltr\">5. Ledamot: Edita Juchneviciute<\/div>\n<div dir=\"ltr\">6. Ledamot: Marina Kuzmenkova<\/div>\n<p>7. Ledamot: Ingvar Nilsson<br \/>\n8. Ledamot: Jakob Frey-Sk\u00f6tt<\/p>\n<p>Styrelsen kan som vanligt n\u00e5s p\u00e5 styrelsen@fagotten.org.<\/p>\n<p><strong>Vision och m\u00e5l\u00a0<\/strong><\/p>\n<p>Den nya styrelsen ber om tid att f\u00e5 s\u00e4tta sig in i \u00f6ppna fr\u00e5gor och l\u00e4gga en bra plan fram\u00e5t. Vi har m\u00e5nga stora projekt framf\u00f6r oss, och beh\u00f6ver god uppslutning, och god energi fram\u00f6ver.<\/p>\n<p>K\u00e4nner man att man kan och vill bidra till att st\u00e4rka f\u00f6reningen s\u00e5 ska man inte tveka att st\u00e4lla upp\u00a0(sj\u00e4lva Styrelsen i sig best\u00e5r av medlemmar som bor h\u00e4r i f\u00f6reningen som valt engagera sig i styrelsearbetet f\u00f6r att bidra till b\u00e4sta m\u00f6jliga utveckling f\u00f6r Brf Fagotten)<\/p>\n<p>: &#8211; alla kan bidra p\u00e5 n\u00e5got s\u00e4tt<\/p>\n<ul>\n<li>i Styrelsen,<\/li>\n<li>som g\u00e5rdsombud,<\/li>\n<li>i arbetsgrupper f\u00f6r specifika syften.<\/li>\n<li>Ordna en g\u00e5rdsfest, ordna en g\u00e5rdsloppis, bouleturnering, osv.<\/li>\n<\/ul>\n<p><strong>Nya styrelsens ledord &#8220;<\/strong><strong>Det ska k\u00e4nnas lite extra bra att bo p\u00e5 Brf Fagotten&#8221;<\/strong><\/p>\n<p><strong><\/strong>&#8211; V\u00e5rt m\u00e5l \u00e4r att alla medlemmar<\/p>\n<ul>\n<li>k\u00e4nner sig informerade,<\/li>\n<li>k\u00e4nner att man f\u00f6rst\u00e5r vad det inneb\u00e4r att bo i en bostadsr\u00e4ttsf\u00f6rening ( t.ex att man betalar en avgift till v\u00e5r gemensamma f\u00f6rening f\u00f6r att t\u00e4cka gemensamma kostnader samt investeringar och f\u00f6rb\u00e4ttringsprojekt som kommer medlemmarna till godo, vi betalar inte en hyra till en ok\u00e4nd hyresv\u00e4rd)<\/li>\n<li>k\u00e4nner \u00e4garskap f\u00f6r v\u00e5r f\u00f6rening<\/li>\n<li>k\u00e4nner att man vill ta hand om v\u00e5r f\u00f6rening och dess fastigheter,<\/li>\n<li>k\u00e4nner att man vill bidra med att h\u00e5lla kostnader nere<\/li>\n<li>k\u00e4nner att man f\u00f6rst\u00e5r varf\u00f6r vi m\u00e5ste investera i att st\u00e4rka v\u00e5ra hus,<\/li>\n<li>k\u00e4nner att man vill bidra till att skapa en trivsam boendemilj\u00f6 f\u00f6r alla<\/li>\n<\/ul>\n<p><strong>Planerade m\u00f6ten.\u00a0<\/strong><\/p>\n<p>F\u00f6r information status p\u00e5 projektet g\u00e4llande relining\/stambyte och \u00f6vriga fr\u00e5gor h\u00e4nvisar styrelsen till Fagottnytt 01\/22. Ett informationsm\u00f6te d\u00e4r medlemmarna kan st\u00e4lla fr\u00e5gor till styrelsen kommer att h\u00e5llas s\u00e5 snart nya styrelsen satt sig in i situationen. (formell kallelse kommer)<\/p>\n<p>\u00c5rsm\u00f6te h\u00e5lls prelimin\u00e4rt i slutet Maj &#8211; b\u00f6rjan av Juni. (formell kallelse kommer)<\/p>\n<p>Prelimin\u00e4ra styrelsem\u00f6ten f\u00f6rsta halv\u00e5ret \u00e4r planerade (kan \u00e4ndras i m\u00e5n av behov):<\/p>\n<ul>\n<li>Tisdag 15 Februari (syfte uppstart, f\u00f6rdelning ansvarsomr\u00e5den, l\u00e4sa in sig p\u00e5 \u00f6ppna fr\u00e5gor)<\/li>\n<li>Torsdag 3:e Mars.<\/li>\n<li>Torsdag 31:a Mars<\/li>\n<li>Torsdag 28:e April<\/li>\n<li>Torsdag 19:e Maj<\/li>\n<li>Torsdag 2:a Juni<\/li>\n<li>Torsdag 16:e Juni<\/li>\n<li>Torsdag 21:a Juli<\/li>\n<li>Torsdag 18:e Augusti<\/li>\n<li>Torsdag 15:e September<\/li>\n<\/ul>\n<p>Vh Styrelsen Brf Fagotten<\/p>\n<p>&nbsp;<\/p>\n<p>&nbsp;<\/p>\n<p>&nbsp;<\/p>\n","protected":false},"excerpt":{"rendered":"<p>Brf Fagotten h\u00f6ll extra f\u00f6reningsst\u00e4mma den 4:e Februari i syfte att genomf\u00f6ra fyllnadsval, d\u00e5 tre personer av olika anledningar valt att avg\u00e5 ur styrelsen under h\u00f6sten 2021. F\u00f6reningen vill tacka avg\u00e5ende styrelsemedlemmar och samtidigt v\u00e4lkomna in 3 nya medlemmar in i styrelsen. F\u00f6reningen tackar f\u00f6r god uppslutning i samband med denna extra f\u00f6reningsst\u00e4mma som pga &hellip; <a href=\"https:\/\/www.fagotten.org\/?p=1254\" class=\"more-link\">Continue reading <span class=\"screen-reader-text\">Uppdatering efter Fyllnadsval 4:e Februari och ny Styrelse<\/span> <span class=\"meta-nav\">&rarr;<\/span><\/a><\/p>\n","protected":false},"author":2,"featured_media":378,"comment_status":"open","ping_status":"open","sticky":false,"template":"","format":"standard","meta":[],"categories":[1],"tags":[],"_links":{"self":[{"href":"https:\/\/www.fagotten.org\/index.php?rest_route=\/wp\/v2\/posts\/1254"}],"collection":[{"href":"https:\/\/www.fagotten.org\/index.php?rest_route=\/wp\/v2\/posts"}],"about":[{"href":"https:\/\/www.fagotten.org\/index.php?rest_route=\/wp\/v2\/types\/post"}],"author":[{"embeddable":true,"href":"https:\/\/www.fagotten.org\/index.php?rest_route=\/wp\/v2\/users\/2"}],"replies":[{"embeddable":true,"href":"https:\/\/www.fagotten.org\/index.php?rest_route=%2Fwp%2Fv2%2Fcomments&post=1254"}],"version-history":[{"count":3,"href":"https:\/\/www.fagotten.org\/index.php?rest_route=\/wp\/v2\/posts\/1254\/revisions"}],"predecessor-version":[{"id":1259,"href":"https:\/\/www.fagotten.org\/index.php?rest_route=\/wp\/v2\/posts\/1254\/revisions\/1259"}],"wp:featuredmedia":[{"embeddable":true,"href":"https:\/\/www.fagotten.org\/index.php?rest_route=\/wp\/v2\/media\/378"}],"wp:attachment":[{"href":"https:\/\/www.fagotten.org\/index.php?rest_route=%2Fwp%2Fv2%2Fmedia&parent=1254"}],"wp:term":[{"taxonomy":"category","embeddable":true,"href":"https:\/\/www.fagotten.org\/index.php?rest_route=%2Fwp%2Fv2%2Fcategories&post=1254"},{"taxonomy":"post_tag","embeddable":true,"href":"https:\/\/www.fagotten.org\/index.php?rest_route=%2Fwp%2Fv2%2Ftags&post=1254"}],"curies":[{"name":"wp","href":"https:\/\/api.w.org\/{rel}","templated":true}]}}