{"id":532,"date":"2018-01-28T10:55:27","date_gmt":"2018-01-28T11:55:27","guid":{"rendered":"https:\/\/www.fagotten.org\/?p=532"},"modified":"2018-01-28T10:56:18","modified_gmt":"2018-01-28T11:56:18","slug":"medlemsmote-1a-februari-angaende-stangning-av-gangvag-mellan-hus-22-och-24","status":"publish","type":"post","link":"https:\/\/www.fagotten.org\/?p=532","title":{"rendered":"Medlemsm\u00f6te 1:a Februari &#8211; ang\u00e5ende st\u00e4ngning av g\u00e5ngv\u00e4g mellan hus 22 och 24"},"content":{"rendered":"<p>Intresserade medlemmar \u00e4r v\u00e4lkomna till samtal kring styrelsens initiativ att st\u00e4nga av g\u00e5ngv\u00e4gen till v\u00e5r grannf\u00f6rening, samf\u00e4lligheten Trumpeten, som g\u00e5r mellan husen Fl\u00f6jtv\u00e4gen 22 och 24. (h\u00f6rnet mot n\u00e4rbutiken Coop)<\/p>\n<p>Vi \u00e5rsm\u00f6te i maj 2017, redovisade styrelsen, i ett motionssvar, f\u00f6r de \u00e5tg\u00e4rder vi planerade vidta f\u00f6r att \u00f6ka tryggheten f\u00f6r boende, genom att g\u00f6ra omr\u00e5det mindre &#8220;attraktivt&#8221; f\u00f6r personer med destruktivt upps\u00e5t och som ej b\u00f6r vistas i v\u00e5rt bostadsomr\u00e5de.<\/p>\n<p>D\u00e5 st\u00e4ngning av g\u00e5ngv\u00e4gen v\u00e4ckt m\u00e5nga fr\u00e5gor och synpunkter, fr\u00e5n boende p\u00e5 den aktuella g\u00e5rden, vill styrelsen g\u00e4rna f\u00f6ra en dialog med boende, f\u00f6r att belysa och samtala om olika \u00e5sikter om den planerade \u00e5tg\u00e4rden.<\/p>\n<p>Alla intresserade boende \u00e4r v\u00e4lkomna till detta m\u00f6te Torsdagen den 1:a Februari kl 18:30-19:30. Plats: Fritidslokalen, Fl\u00f6jtv\u00e4gen 20.<\/p>\n<p>\/Styrelsen<\/p>\n","protected":false},"excerpt":{"rendered":"<p>Intresserade medlemmar \u00e4r v\u00e4lkomna till samtal kring styrelsens initiativ att st\u00e4nga av g\u00e5ngv\u00e4gen till v\u00e5r grannf\u00f6rening, samf\u00e4lligheten Trumpeten, som g\u00e5r mellan husen Fl\u00f6jtv\u00e4gen 22 och 24. (h\u00f6rnet mot n\u00e4rbutiken Coop) Vi \u00e5rsm\u00f6te i maj 2017, redovisade styrelsen, i ett motionssvar, f\u00f6r de \u00e5tg\u00e4rder vi planerade vidta f\u00f6r att \u00f6ka tryggheten f\u00f6r boende, genom att g\u00f6ra &hellip; <a href=\"https:\/\/www.fagotten.org\/?p=532\" class=\"more-link\">Continue reading <span class=\"screen-reader-text\">Medlemsm\u00f6te 1:a Februari &#8211; ang\u00e5ende st\u00e4ngning av g\u00e5ngv\u00e4g mellan hus 22 och 24<\/span> <span class=\"meta-nav\">&rarr;<\/span><\/a><\/p>\n","protected":false},"author":2,"featured_media":306,"comment_status":"open","ping_status":"open","sticky":false,"template":"","format":"standard","meta":[],"categories":[1],"tags":[],"_links":{"self":[{"href":"https:\/\/www.fagotten.org\/index.php?rest_route=\/wp\/v2\/posts\/532"}],"collection":[{"href":"https:\/\/www.fagotten.org\/index.php?rest_route=\/wp\/v2\/posts"}],"about":[{"href":"https:\/\/www.fagotten.org\/index.php?rest_route=\/wp\/v2\/types\/post"}],"author":[{"embeddable":true,"href":"https:\/\/www.fagotten.org\/index.php?rest_route=\/wp\/v2\/users\/2"}],"replies":[{"embeddable":true,"href":"https:\/\/www.fagotten.org\/index.php?rest_route=%2Fwp%2Fv2%2Fcomments&post=532"}],"version-history":[{"count":2,"href":"https:\/\/www.fagotten.org\/index.php?rest_route=\/wp\/v2\/posts\/532\/revisions"}],"predecessor-version":[{"id":534,"href":"https:\/\/www.fagotten.org\/index.php?rest_route=\/wp\/v2\/posts\/532\/revisions\/534"}],"wp:featuredmedia":[{"embeddable":true,"href":"https:\/\/www.fagotten.org\/index.php?rest_route=\/wp\/v2\/media\/306"}],"wp:attachment":[{"href":"https:\/\/www.fagotten.org\/index.php?rest_route=%2Fwp%2Fv2%2Fmedia&parent=532"}],"wp:term":[{"taxonomy":"category","embeddable":true,"href":"https:\/\/www.fagotten.org\/index.php?rest_route=%2Fwp%2Fv2%2Fcategories&post=532"},{"taxonomy":"post_tag","embeddable":true,"href":"https:\/\/www.fagotten.org\/index.php?rest_route=%2Fwp%2Fv2%2Ftags&post=532"}],"curies":[{"name":"wp","href":"https:\/\/api.w.org\/{rel}","templated":true}]}}