{"id":553,"date":"2018-09-18T10:53:55","date_gmt":"2018-09-18T11:53:55","guid":{"rendered":"https:\/\/www.fagotten.org\/?p=553"},"modified":"2018-09-18T10:53:55","modified_gmt":"2018-09-18T11:53:55","slug":"sjalvforvaltning-av-rabatter-pa-brf-fagotten","status":"publish","type":"post","link":"https:\/\/www.fagotten.org\/?p=553","title":{"rendered":"Sj\u00e4lvf\u00f6rvaltning av rabatter p\u00e5 Brf. Fagotten"},"content":{"rendered":"<p>I v\u00e5r f\u00f6rening har man m\u00f6jlighet att sj\u00e4lv f\u00f6rvalta\/odla de rabatter som \u00e4r utanf\u00f6r den egna l\u00e4genheten.<\/p>\n<p>V\u00e4ljer man att g\u00f6ra det inneb\u00e4r det att man tar p\u00e5 sig ansvaret att det ser v\u00e4lsk\u00f6tt ut under hela \u00e5ret.<\/p>\n<p>F\u00f6r att \u201dDin Utemilj\u00f6\u201d som sk\u00f6ter utemilj\u00f6n ska veta n\u00e4r det \u00e4r sj\u00e4lvf\u00f6rvaltning m\u00e5ste omr\u00e5det markeras med stenar med m\u00e5lade pilar som finns att h\u00e4mta p\u00e5 vaktm\u00e4starens expedition.<\/p>\n<p>Trots p\u00e5minnelser \u00e4r det p\u00e5 m\u00e5nga st\u00e4llen otydligt f\u00f6r \u201dDin Utemilj\u00f6\u201d var det r\u00e5der sj\u00e4lvf\u00f6rvaltning. Det blir kostsamt f\u00f6r f\u00f6reningen n\u00e4r det r\u00e5der oklarheter och \u201dDin Utemilj\u00f6\u201d f\u00e5r sk\u00f6ta rabatter som ser ut att vara egenodlade men inte \u00e4r markerade.<\/p>\n<p>Vi uppmanar er h\u00e4rmed att markera era rabatter alternativt meddela oss om ni inte l\u00e4ngre \u00f6nskar sj\u00e4lvf\u00f6rvaltning. Rabatterna kommer d\u00e5 att p\u00e5 sikt planteras om med n\u00e5got mer l\u00e4ttsk\u00f6tt och mindre tidskr\u00e4vande.<\/p>\n<p>Vi vill ocks\u00e5 uppmana er att inte ockupera gr\u00e4smattor och allm\u00e4nna rabatter med saker som f\u00f6rhindrar sk\u00f6tsel och gr\u00e4sklippning.<\/p>\n<p>Styrelsen Fagotten<\/p>\n","protected":false},"excerpt":{"rendered":"<p>I v\u00e5r f\u00f6rening har man m\u00f6jlighet att sj\u00e4lv f\u00f6rvalta\/odla de rabatter som \u00e4r utanf\u00f6r den egna l\u00e4genheten. V\u00e4ljer man att g\u00f6ra det inneb\u00e4r det att man tar p\u00e5 sig ansvaret att det ser v\u00e4lsk\u00f6tt ut under hela \u00e5ret. F\u00f6r att \u201dDin Utemilj\u00f6\u201d som sk\u00f6ter utemilj\u00f6n ska veta n\u00e4r det \u00e4r sj\u00e4lvf\u00f6rvaltning m\u00e5ste omr\u00e5det markeras med &hellip; <a href=\"https:\/\/www.fagotten.org\/?p=553\" class=\"more-link\">Continue reading <span class=\"screen-reader-text\">Sj\u00e4lvf\u00f6rvaltning av rabatter p\u00e5 Brf. Fagotten<\/span> <span class=\"meta-nav\">&rarr;<\/span><\/a><\/p>\n","protected":false},"author":2,"featured_media":554,"comment_status":"open","ping_status":"open","sticky":false,"template":"","format":"standard","meta":[],"categories":[1],"tags":[],"_links":{"self":[{"href":"https:\/\/www.fagotten.org\/index.php?rest_route=\/wp\/v2\/posts\/553"}],"collection":[{"href":"https:\/\/www.fagotten.org\/index.php?rest_route=\/wp\/v2\/posts"}],"about":[{"href":"https:\/\/www.fagotten.org\/index.php?rest_route=\/wp\/v2\/types\/post"}],"author":[{"embeddable":true,"href":"https:\/\/www.fagotten.org\/index.php?rest_route=\/wp\/v2\/users\/2"}],"replies":[{"embeddable":true,"href":"https:\/\/www.fagotten.org\/index.php?rest_route=%2Fwp%2Fv2%2Fcomments&post=553"}],"version-history":[{"count":1,"href":"https:\/\/www.fagotten.org\/index.php?rest_route=\/wp\/v2\/posts\/553\/revisions"}],"predecessor-version":[{"id":555,"href":"https:\/\/www.fagotten.org\/index.php?rest_route=\/wp\/v2\/posts\/553\/revisions\/555"}],"wp:featuredmedia":[{"embeddable":true,"href":"https:\/\/www.fagotten.org\/index.php?rest_route=\/wp\/v2\/media\/554"}],"wp:attachment":[{"href":"https:\/\/www.fagotten.org\/index.php?rest_route=%2Fwp%2Fv2%2Fmedia&parent=553"}],"wp:term":[{"taxonomy":"category","embeddable":true,"href":"https:\/\/www.fagotten.org\/index.php?rest_route=%2Fwp%2Fv2%2Fcategories&post=553"},{"taxonomy":"post_tag","embeddable":true,"href":"https:\/\/www.fagotten.org\/index.php?rest_route=%2Fwp%2Fv2%2Ftags&post=553"}],"curies":[{"name":"wp","href":"https:\/\/api.w.org\/{rel}","templated":true}]}}