{"id":890,"date":"2020-09-04T19:23:44","date_gmt":"2020-09-04T20:23:44","guid":{"rendered":"https:\/\/www.fagotten.org\/?p=890"},"modified":"2020-09-04T19:23:44","modified_gmt":"2020-09-04T20:23:44","slug":"genomforande-av-ventilationsrensning-ovk","status":"publish","type":"post","link":"https:\/\/www.fagotten.org\/?p=890","title":{"rendered":"Genomf\u00f6rande av ventilationsrensning (OVK)"},"content":{"rendered":"<p>Styrelsen f\u00f6rst\u00e5r oron kring Covid och har haft en diskussion med f\u00f6retaget som utf\u00f6r arbetet om hur vi tillsammans kan minimera risken f\u00f6r smittspridning. Arbetet kommer att genomf\u00f6ras med beaktande av Folkh\u00e4lsomyndighetens rekommendationer vilket betyder att b\u00e5de de som utf\u00f6r arbetet och vi boende ser till att h\u00e5lla avst\u00e5nd och att endast personal som inte har n\u00e5gra symptom p\u00e5 sjukdom genomf\u00f6r arbetet.<\/p>\n<p>Folkh\u00e4lsomyndigheten betonar vikten av att h\u00e5lla avst\u00e5nd f\u00f6r att minimera smittspridningen. Det finns goda m\u00f6jligheter att h\u00e5lla rej\u00e4lt avst\u00e5nd t.ex. genom att vara i ett rum utan fr\u00e5nluftsventiler t.ex. ett sovrum eller g\u00e5 ut p\u00e5 balkongen. Ut\u00f6ver detta kommer f\u00f6retagets personal att anv\u00e4nda eng\u00e5ngsmunskydd n\u00e4r de bes\u00f6ker boende fr\u00e5n riskgrupperna som s\u00e5 \u00f6nskar det. De har med sig munskydd s\u00e5 du beh\u00f6ver bara s\u00e4ga till dem n\u00e4r de kommer till dig att du vill att de anv\u00e4nder munskydd.<\/p>\n<p>De som utf\u00f6r arbetet kommer vara inne i l\u00e4genheterna en relativt kort stund och endast i rum med fr\u00e5nluftsventiler. Om allt \u00e4r f\u00f6rberett (undanplockat vid ventilerna, \u00f6ppna innerd\u00f6rrar och t\u00e4nda lampor vid behov) kommer de som utf\u00f6r arbetet inte att beh\u00f6va ta i n\u00e5got i on\u00f6dan. Om du s\u00e4tter fram handsprit och ber de som utf\u00f6r arbetet sprita h\u00e4nderna n\u00e4r de kommer till dig kommer de att g\u00f6ra det.<\/p>\n","protected":false},"excerpt":{"rendered":"<p>Styrelsen f\u00f6rst\u00e5r oron kring Covid och har haft en diskussion med f\u00f6retaget som utf\u00f6r arbetet om hur vi tillsammans kan minimera risken f\u00f6r smittspridning. Arbetet kommer att genomf\u00f6ras med beaktande av Folkh\u00e4lsomyndighetens rekommendationer vilket betyder att b\u00e5de de som utf\u00f6r arbetet och vi boende ser till att h\u00e5lla avst\u00e5nd och att endast personal som inte &hellip; <a href=\"https:\/\/www.fagotten.org\/?p=890\" class=\"more-link\">Continue reading <span class=\"screen-reader-text\">Genomf\u00f6rande av ventilationsrensning (OVK)<\/span> <span class=\"meta-nav\">&rarr;<\/span><\/a><\/p>\n","protected":false},"author":4,"featured_media":0,"comment_status":"open","ping_status":"open","sticky":false,"template":"","format":"standard","meta":[],"categories":[1],"tags":[],"_links":{"self":[{"href":"https:\/\/www.fagotten.org\/index.php?rest_route=\/wp\/v2\/posts\/890"}],"collection":[{"href":"https:\/\/www.fagotten.org\/index.php?rest_route=\/wp\/v2\/posts"}],"about":[{"href":"https:\/\/www.fagotten.org\/index.php?rest_route=\/wp\/v2\/types\/post"}],"author":[{"embeddable":true,"href":"https:\/\/www.fagotten.org\/index.php?rest_route=\/wp\/v2\/users\/4"}],"replies":[{"embeddable":true,"href":"https:\/\/www.fagotten.org\/index.php?rest_route=%2Fwp%2Fv2%2Fcomments&post=890"}],"version-history":[{"count":1,"href":"https:\/\/www.fagotten.org\/index.php?rest_route=\/wp\/v2\/posts\/890\/revisions"}],"predecessor-version":[{"id":891,"href":"https:\/\/www.fagotten.org\/index.php?rest_route=\/wp\/v2\/posts\/890\/revisions\/891"}],"wp:attachment":[{"href":"https:\/\/www.fagotten.org\/index.php?rest_route=%2Fwp%2Fv2%2Fmedia&parent=890"}],"wp:term":[{"taxonomy":"category","embeddable":true,"href":"https:\/\/www.fagotten.org\/index.php?rest_route=%2Fwp%2Fv2%2Fcategories&post=890"},{"taxonomy":"post_tag","embeddable":true,"href":"https:\/\/www.fagotten.org\/index.php?rest_route=%2Fwp%2Fv2%2Ftags&post=890"}],"curies":[{"name":"wp","href":"https:\/\/api.w.org\/{rel}","templated":true}]}}